{"id":2233,"date":"2023-12-13T12:19:38","date_gmt":"2023-12-13T11:19:38","guid":{"rendered":"https:\/\/www.maccompta.ch\/2024-erhoehung-der-mehrwertsteuer\/"},"modified":"2023-12-15T07:07:09","modified_gmt":"2023-12-15T06:07:09","slug":"2024-erhoehung-der-mehrwertsteuer","status":"publish","type":"post","link":"https:\/\/www.maccompta.ch\/de\/2024-erhoehung-der-mehrwertsteuer\/","title":{"rendered":"2024: Erh\u00f6hung der Mehrwertsteuer"},"content":{"rendered":"\n<p>Das Schweizer Volk hat am 25. Juni 2022 in einer Volksabstimmung entschieden, die <a href=\"https:\/\/www.estv.admin.ch\/estv\/fr\/accueil\/taxe-sur-la-valeur-ajoutee.html\" target=\"_blank\" rel=\"noopener\" title=\"Mehrwertsteuer\">Mehrwertsteuers\u00e4tze<\/a> zu erh\u00f6hen, um die Finanzierung der AHV (<a href=\"https:\/\/www.ahv-iv.ch\/fr\/Assurances-sociales\/Assurance-vieillesse-et-survivants-AVS\" target=\"_blank\" rel=\"noopener\" title=\"Alters- und Hinterbliebenenversicherung\">Alters- und Hinterbliebenenversicherung<\/a>) zu erm\u00f6glichen. Das Inkrafttreten der neuen S\u00e4tze wurde vom Bundesrat auf den <strong>1. Januar 2024<\/strong> festgelegt.<\/p>\n\n<p>So wird der normale Mehrwertsteuersatz, der auf die meisten Waren und Dienstleistungen angewendet wird, von <strong>7.7%<\/strong> auf <strong>8.1%<\/strong> angehoben. <\/p>\n\n<p>Der erm\u00e4\u00dfigte Satz wird von <strong>2.5%<\/strong> auf <strong>2.6%<\/strong> erh\u00f6ht und betrifft vor allem G\u00fcter des t\u00e4glichen Bedarfs wie Lebensmittel, Take-aways, medizinische Dienstleistungen oder Zeitungen.<\/p>\n\n<p> F\u00fcr Unternehmen, die im Beherbergungssektor t\u00e4tig sind, wird der Sondersatz f\u00fcr \u00dcbernachtungen und Fr\u00fchst\u00fccke von <strong>3.7%<\/strong> auf <strong>3.8%<\/strong> angehoben.<\/p>\n\n<h2 class=\"wp-block-heading\">Erh\u00f6hung der Mehrwertsteuer in Ihrer Buchhaltung<\/h2>\n\n<p>Um zu wissen, welcher Mehrwertsteuersatz gilt, ist es wichtig zu wissen, in welchem Gesch\u00e4ftsjahr die Leistung erbracht wird. Wenn es 2023 ist, gilt der alte Satz. Wenn die Leistung im Jahr 2024 stattfindet, gilt der neue Steuersatz. So muss eine Ende 2023 in Rechnung gestellte Leistung, die sich auf den Zeitraum 2024 bezieht, dem neuen Satz entsprechen. <\/p>\n\n<p>Wenn sich die Leistung 2023 und 2024 \u00fcberschneidet, sollte die Rechnungsstellung auf die beiden Jahre aufgeteilt werden, um den entsprechenden Satz auf die Tranche 2023 und die Tranche 2024 anzuwenden.<\/p>\n\n<p>Sie m\u00fcssen dies also in Ihrer Buchhaltung ber\u00fccksichtigen und dies geschieht auf der Ebene des Kontenplans.<\/p>\n\n<figure class=\"wp-block-image size-large\"><img loading=\"lazy\" decoding=\"async\" width=\"769\" height=\"1024\" src=\"https:\/\/www.maccompta.ch\/wp-content\/uploads\/2023\/12\/plan-comptable-hausse-tva-suisse-2024-769x1024.png\" alt=\"\" class=\"wp-image-2225\" srcset=\"https:\/\/www.maccompta.ch\/wp-content\/uploads\/2023\/12\/plan-comptable-hausse-tva-suisse-2024-769x1024.png 769w, https:\/\/www.maccompta.ch\/wp-content\/uploads\/2023\/12\/plan-comptable-hausse-tva-suisse-2024-225x300.png 225w, https:\/\/www.maccompta.ch\/wp-content\/uploads\/2023\/12\/plan-comptable-hausse-tva-suisse-2024-768x1022.png 768w, https:\/\/www.maccompta.ch\/wp-content\/uploads\/2023\/12\/plan-comptable-hausse-tva-suisse-2024-1154x1536.png 1154w, https:\/\/www.maccompta.ch\/wp-content\/uploads\/2023\/12\/plan-comptable-hausse-tva-suisse-2024-600x799.png 600w, https:\/\/www.maccompta.ch\/wp-content\/uploads\/2023\/12\/plan-comptable-hausse-tva-suisse-2024.png 1468w\" sizes=\"auto, (max-width: 769px) 100vw, 769px\" \/><\/figure>\n<p>In den Jahren 2023 und 2024, in denen sich die Steuers\u00e4tze \u00fcberschneiden, lohnt es sich, die umsatzsteuerpflichtigen Konten zu duplizieren, um die unterschiedlichen Steuers\u00e4tze zu ber\u00fccksichtigen.<\/p>\n\n<p>In den folgenden Haushaltsjahren m\u00fcssen lediglich die derzeit geltenden S\u00e4tze beibehalten werden.<\/p>\n\n<p>In <a href=\"https:\/\/www.maccompta.ch\/de\/ueber-maccompta\/\" target=\"_blank\" rel=\"noopener\" title=\"&#xDC;ber MacCompta\">MacCompta Pro<\/a> ist das \u00c4ndern der Mehrwertsteuers\u00e4tze sehr einfach. Im Kontenplan gen\u00fcgt es, auf die Zeile des zu korrigierenden Kontos zu doppelklicken, den Satz in der Bearbeitungszeile zu \u00e4ndern und die \u00c4nderungen zu speichern.<\/p>\n\n<p>Eine Frage? Z\u00f6gern Sie nicht, <a href=\"https:\/\/www.maccompta.ch\/de\/kontakt\/\" title=\"Kontakt\">uns zu kontaktieren<\/a>.<\/p>\n","protected":false},"excerpt":{"rendered":"<p>Das Schweizer Volk hat am 25. Juni 2022 in einer Volksabstimmung entschieden, die Mehrwertsteuers\u00e4tze zu erh\u00f6hen, um die Finanzierung der AHV (Alters- und Hinterbliebenenversicherung) zu erm\u00f6glichen. Das Inkrafttreten der neuen S\u00e4tze wurde vom Bundesrat auf den 1. Januar 2024 festgelegt. So wird der normale Mehrwertsteuersatz, der auf die meisten Waren [&hellip;]<\/p>\n","protected":false},"author":1,"featured_media":2224,"comment_status":"closed","ping_status":"closed","sticky":false,"template":"","format":"standard","meta":{"footnotes":""},"categories":[75],"tags":[78,77,76],"class_list":["post-2233","post","type-post","status-publish","format-standard","has-post-thumbnail","hentry","category-info-de","tag-buchhaltung","tag-erhohung-der-mehrwertsteuer","tag-mehrwertsteuer"],"aioseo_notices":[],"_links":{"self":[{"href":"https:\/\/www.maccompta.ch\/de\/wp-json\/wp\/v2\/posts\/2233","targetHints":{"allow":["GET"]}}],"collection":[{"href":"https:\/\/www.maccompta.ch\/de\/wp-json\/wp\/v2\/posts"}],"about":[{"href":"https:\/\/www.maccompta.ch\/de\/wp-json\/wp\/v2\/types\/post"}],"author":[{"embeddable":true,"href":"https:\/\/www.maccompta.ch\/de\/wp-json\/wp\/v2\/users\/1"}],"replies":[{"embeddable":true,"href":"https:\/\/www.maccompta.ch\/de\/wp-json\/wp\/v2\/comments?post=2233"}],"version-history":[{"count":3,"href":"https:\/\/www.maccompta.ch\/de\/wp-json\/wp\/v2\/posts\/2233\/revisions"}],"predecessor-version":[{"id":2237,"href":"https:\/\/www.maccompta.ch\/de\/wp-json\/wp\/v2\/posts\/2233\/revisions\/2237"}],"wp:featuredmedia":[{"embeddable":true,"href":"https:\/\/www.maccompta.ch\/de\/wp-json\/wp\/v2\/media\/2224"}],"wp:attachment":[{"href":"https:\/\/www.maccompta.ch\/de\/wp-json\/wp\/v2\/media?parent=2233"}],"wp:term":[{"taxonomy":"category","embeddable":true,"href":"https:\/\/www.maccompta.ch\/de\/wp-json\/wp\/v2\/categories?post=2233"},{"taxonomy":"post_tag","embeddable":true,"href":"https:\/\/www.maccompta.ch\/de\/wp-json\/wp\/v2\/tags?post=2233"}],"curies":[{"name":"wp","href":"https:\/\/api.w.org\/{rel}","templated":true}]}}