{"id":1787,"date":"2017-12-08T09:41:02","date_gmt":"2017-12-08T08:41:02","guid":{"rendered":"https:\/\/www.maccompta.ch\/2018-new-vat-rates\/"},"modified":"2023-09-26T17:36:23","modified_gmt":"2023-09-26T15:36:23","slug":"2018-new-vat-rates","status":"publish","type":"post","link":"https:\/\/www.maccompta.ch\/en\/2018-new-vat-rates\/","title":{"rendered":"2018 : new VAT rates"},"content":{"rendered":"<p>In 2018, VAT rates will change as of the 1st of January.<\/p>\n<p>If you are wondering if MacCompta is compatible or if it needs an update, the answer is no!<\/p>\n<p>It is easy, all you need is to make some changes in the accounting plan. For each account, you chosen a VAT rate, there is now two options :<\/p>\n<ul>\n<li>you want to work in a brain new document for 2018, so you just need to modify the VAT rate for each concerned account;<\/li>\n<li>your want to work in the same document than 2017, you may duplicate concerned account to get a new one with the new VAT rate.<\/li>\n<\/ul>\n<p>Then, you can use MacCompta VAT automation as usual. If you have any question, please <a href=\"https:\/\/www.maccompta.ch\/en\/contact\/\">contact-us<\/a>.<\/p>\n","protected":false},"excerpt":{"rendered":"<p>In 2018, VAT rates will change as of the 1st of January. If you are wondering if MacCompta is compatible or if it needs an update, the answer is no! It is easy, all you need is to make some changes in the accounting plan. For each account, you chosen [&hellip;]<\/p>\n","protected":false},"author":1,"featured_media":0,"comment_status":"closed","ping_status":"closed","sticky":false,"template":"","format":"standard","meta":{"footnotes":""},"categories":[46],"tags":[],"class_list":["post-1787","post","type-post","status-publish","format-standard","hentry","category-updates-en-2"],"aioseo_notices":[],"aioseo_head":"\n\t\t<!-- All in One SEO Pro 5.0.1 - aioseo.com -->\n\t<meta name=\"description\" content=\"In 2018, VAT rates will change as of the 1st of January. If you are wondering if MacCompta is compatible or if it needs an update, the answer is no! It is easy, all you need is to make some changes in the accounting plan. For each account, you chosen a VAT rate, there is\" \/>\n\t<meta name=\"robots\" content=\"max-image-preview:large\" \/>\n\t<meta name=\"author\" content=\"Daily-Soft ltd\"\/>\n\t<link rel=\"canonical\" href=\"https:\/\/www.maccompta.ch\/en\/2018-new-vat-rates\/\" \/>\n\t<meta name=\"generator\" content=\"All in One SEO Pro (AIOSEO) 5.0.1\" \/>\n\t\t<meta property=\"og:locale\" content=\"en_US\" \/>\n\t\t<meta property=\"og:site_name\" content=\"MacCompta - Logiciel de comptabilit\u00e9 g\u00e9n\u00e9rale Suisse depuis 1984\" \/>\n\t\t<meta property=\"og:type\" content=\"article\" \/>\n\t\t<meta property=\"og:title\" content=\"2018 : new VAT rates - MacCompta\" \/>\n\t\t<meta property=\"og:description\" content=\"In 2018, VAT rates will change as of the 1st of January. If you are wondering if MacCompta is compatible or if it needs an update, the answer is no! It is easy, all you need is to make some changes in the accounting plan. For each account, you chosen a VAT rate, there is\" \/>\n\t\t<meta property=\"og:url\" content=\"https:\/\/www.maccompta.ch\/en\/2018-new-vat-rates\/\" \/>\n\t\t<meta property=\"og:image\" content=\"https:\/\/www.maccompta.ch\/wp-content\/uploads\/2023\/07\/maccompta-logoweb.webp\" \/>\n\t\t<meta property=\"og:image:secure_url\" content=\"https:\/\/www.maccompta.ch\/wp-content\/uploads\/2023\/07\/maccompta-logoweb.webp\" \/>\n\t\t<meta property=\"article:published_time\" content=\"2017-12-08T08:41:02+00:00\" \/>\n\t\t<meta property=\"article:modified_time\" content=\"2023-09-26T15:36:23+00:00\" \/>\n\t\t<meta name=\"twitter:card\" content=\"summary_large_image\" \/>\n\t\t<meta name=\"twitter:title\" content=\"2018 : new VAT rates - MacCompta\" \/>\n\t\t<meta name=\"twitter:description\" content=\"In 2018, VAT rates will change as of the 1st of January. If you are wondering if MacCompta is compatible or if it needs an update, the answer is no! It is easy, all you need is to make some changes in the accounting plan. For each account, you chosen a VAT rate, there is\" \/>\n\t\t<meta name=\"twitter:image\" content=\"https:\/\/www.maccompta.ch\/wp-content\/uploads\/2023\/07\/maccompta-logoweb.webp\" \/>\n\t\t<script type=\"application\/ld+json\" class=\"aioseo-schema\">\n\t\t\t{\"@context\":\"https:\\\/\\\/schema.org\",\"@graph\":[{\"@type\":\"BlogPosting\",\"@id\":\"https:\\\/\\\/www.maccompta.ch\\\/en\\\/2018-new-vat-rates\\\/#blogposting\",\"name\":\"2018 : new VAT rates - MacCompta\",\"headline\":\"2018 : new VAT rates\",\"author\":{\"@id\":\"https:\\\/\\\/www.maccompta.ch\\\/en\\\/author\\\/admin\\\/#author\"},\"publisher\":{\"@id\":\"https:\\\/\\\/www.maccompta.ch\\\/en\\\/#organization\"},\"image\":{\"@type\":\"ImageObject\",\"url\":\"https:\\\/\\\/www.maccompta.ch\\\/wp-content\\\/uploads\\\/2023\\\/09\\\/logo-maccompta-site-black.webp\",\"@id\":\"https:\\\/\\\/www.maccompta.ch\\\/en\\\/#articleImage\",\"width\":250,\"height\":47},\"datePublished\":\"2017-12-08T09:41:02+01:00\",\"dateModified\":\"2023-09-26T17:36:23+02:00\",\"inLanguage\":\"en-US\",\"mainEntityOfPage\":{\"@id\":\"https:\\\/\\\/www.maccompta.ch\\\/en\\\/2018-new-vat-rates\\\/#webpage\"},\"isPartOf\":{\"@id\":\"https:\\\/\\\/www.maccompta.ch\\\/en\\\/2018-new-vat-rates\\\/#webpage\"},\"articleSection\":\"updates, Facultatif\"},{\"@type\":\"BreadcrumbList\",\"@id\":\"https:\\\/\\\/www.maccompta.ch\\\/en\\\/2018-new-vat-rates\\\/#breadcrumblist\",\"itemListElement\":[{\"@type\":\"ListItem\",\"@id\":\"https:\\\/\\\/www.maccompta.ch\\\/en\\\/#listItem\",\"position\":1,\"name\":\"Accueil\",\"item\":\"https:\\\/\\\/www.maccompta.ch\\\/en\\\/\",\"nextItem\":{\"@type\":\"ListItem\",\"@id\":\"https:\\\/\\\/www.maccompta.ch\\\/en\\\/category\\\/updates-en-2\\\/#listItem\",\"name\":\"updates\"}},{\"@type\":\"ListItem\",\"@id\":\"https:\\\/\\\/www.maccompta.ch\\\/en\\\/category\\\/updates-en-2\\\/#listItem\",\"position\":2,\"name\":\"updates\",\"item\":\"https:\\\/\\\/www.maccompta.ch\\\/en\\\/category\\\/updates-en-2\\\/\",\"nextItem\":{\"@type\":\"ListItem\",\"@id\":\"https:\\\/\\\/www.maccompta.ch\\\/en\\\/2018-new-vat-rates\\\/#listItem\",\"name\":\"2018 : new VAT rates\"},\"previousItem\":{\"@type\":\"ListItem\",\"@id\":\"https:\\\/\\\/www.maccompta.ch\\\/en\\\/#listItem\",\"name\":\"Accueil\"}},{\"@type\":\"ListItem\",\"@id\":\"https:\\\/\\\/www.maccompta.ch\\\/en\\\/2018-new-vat-rates\\\/#listItem\",\"position\":3,\"name\":\"2018 : new VAT rates\",\"previousItem\":{\"@type\":\"ListItem\",\"@id\":\"https:\\\/\\\/www.maccompta.ch\\\/en\\\/category\\\/updates-en-2\\\/#listItem\",\"name\":\"updates\"}}]},{\"@type\":\"Organization\",\"@id\":\"https:\\\/\\\/www.maccompta.ch\\\/en\\\/#organization\",\"name\":\"Daily-Soft ltd\",\"description\":\"Logiciel de comptabilit\\u00e9 g\\u00e9n\\u00e9rale Suisse depuis 1984\",\"url\":\"https:\\\/\\\/www.maccompta.ch\\\/en\\\/\",\"email\":\"maccompta@daily-soft.ch\",\"telephone\":\"+41213240074\",\"logo\":{\"@type\":\"ImageObject\",\"url\":\"https:\\\/\\\/www.maccompta.ch\\\/wp-content\\\/uploads\\\/2023\\\/09\\\/logo-maccompta-site-black.webp\",\"@id\":\"https:\\\/\\\/www.maccompta.ch\\\/en\\\/2018-new-vat-rates\\\/#organizationLogo\",\"width\":250,\"height\":47},\"image\":{\"@id\":\"https:\\\/\\\/www.maccompta.ch\\\/en\\\/2018-new-vat-rates\\\/#organizationLogo\"},\"address\":{\"@id\":\"https:\\\/\\\/www.maccompta.ch\\\/en\\\/#postaladdress\",\"@type\":\"PostalAddress\",\"streetAddress\":\"Route de la Conversion 271\",\"postalCode\":\"1093\",\"addressLocality\":\"La Conversion\",\"addressCountry\":\"CH\"},\"vatID\":\"CHE-101.430.125\"},{\"@type\":\"Person\",\"@id\":\"https:\\\/\\\/www.maccompta.ch\\\/en\\\/author\\\/admin\\\/#author\",\"url\":\"https:\\\/\\\/www.maccompta.ch\\\/en\\\/author\\\/admin\\\/\",\"name\":\"Daily-Soft ltd\",\"image\":{\"@type\":\"ImageObject\",\"@id\":\"https:\\\/\\\/www.maccompta.ch\\\/en\\\/2018-new-vat-rates\\\/#authorImage\",\"url\":\"https:\\\/\\\/secure.gravatar.com\\\/avatar\\\/77c34f680f6c245869a100c5f11d8cd0e722e40e97e297e849962549ea806e97?s=96&d=mm&r=g\",\"width\":96,\"height\":96,\"caption\":\"Daily-Soft ltd\"}},{\"@type\":\"WebPage\",\"@id\":\"https:\\\/\\\/www.maccompta.ch\\\/en\\\/2018-new-vat-rates\\\/#webpage\",\"url\":\"https:\\\/\\\/www.maccompta.ch\\\/en\\\/2018-new-vat-rates\\\/\",\"name\":\"2018 : new VAT rates - MacCompta\",\"description\":\"In 2018, VAT rates will change as of the 1st of January. If you are wondering if MacCompta is compatible or if it needs an update, the answer is no! It is easy, all you need is to make some changes in the accounting plan. For each account, you chosen a VAT rate, there is\",\"inLanguage\":\"en-US\",\"isPartOf\":{\"@id\":\"https:\\\/\\\/www.maccompta.ch\\\/en\\\/#website\"},\"breadcrumb\":{\"@id\":\"https:\\\/\\\/www.maccompta.ch\\\/en\\\/2018-new-vat-rates\\\/#breadcrumblist\"},\"author\":{\"@id\":\"https:\\\/\\\/www.maccompta.ch\\\/en\\\/author\\\/admin\\\/#author\"},\"creator\":{\"@id\":\"https:\\\/\\\/www.maccompta.ch\\\/en\\\/author\\\/admin\\\/#author\"},\"datePublished\":\"2017-12-08T09:41:02+01:00\",\"dateModified\":\"2023-09-26T17:36:23+02:00\"},{\"@type\":\"WebSite\",\"@id\":\"https:\\\/\\\/www.maccompta.ch\\\/en\\\/#website\",\"url\":\"https:\\\/\\\/www.maccompta.ch\\\/en\\\/\",\"name\":\"MacCompta\",\"description\":\"Logiciel de comptabilit\\u00e9 g\\u00e9n\\u00e9rale Suisse depuis 1984\",\"inLanguage\":\"en-US\",\"publisher\":{\"@id\":\"https:\\\/\\\/www.maccompta.ch\\\/en\\\/#organization\"}}]}\n\t\t<\/script>\n\t\t<!-- All in One SEO Pro -->\r\n\t\t<title>2018 : new VAT rates - MacCompta<\/title>\n\n","aioseo_head_json":{"title":"2018 : new VAT rates - MacCompta","description":"In 2018, VAT rates will change as of the 1st of January. If you are wondering if MacCompta is compatible or if it needs an update, the answer is no! It is easy, all you need is to make some changes in the accounting plan. For each account, you chosen a VAT rate, there is","canonical_url":"https:\/\/www.maccompta.ch\/en\/2018-new-vat-rates\/","robots":"max-image-preview:large","keywords":"","webmasterTools":{"miscellaneous":""},"schema":{"@context":"https:\/\/schema.org","@graph":[{"@type":"BlogPosting","@id":"https:\/\/www.maccompta.ch\/en\/2018-new-vat-rates\/#blogposting","name":"2018 : new VAT rates - MacCompta","headline":"2018 : new VAT rates","author":{"@id":"https:\/\/www.maccompta.ch\/en\/author\/admin\/#author"},"publisher":{"@id":"https:\/\/www.maccompta.ch\/en\/#organization"},"image":{"@type":"ImageObject","url":"https:\/\/www.maccompta.ch\/wp-content\/uploads\/2023\/09\/logo-maccompta-site-black.webp","@id":"https:\/\/www.maccompta.ch\/en\/#articleImage","width":250,"height":47},"datePublished":"2017-12-08T09:41:02+01:00","dateModified":"2023-09-26T17:36:23+02:00","inLanguage":"en-US","mainEntityOfPage":{"@id":"https:\/\/www.maccompta.ch\/en\/2018-new-vat-rates\/#webpage"},"isPartOf":{"@id":"https:\/\/www.maccompta.ch\/en\/2018-new-vat-rates\/#webpage"},"articleSection":"updates, Facultatif"},{"@type":"BreadcrumbList","@id":"https:\/\/www.maccompta.ch\/en\/2018-new-vat-rates\/#breadcrumblist","itemListElement":[{"@type":"ListItem","@id":"https:\/\/www.maccompta.ch\/en\/#listItem","position":1,"name":"Accueil","item":"https:\/\/www.maccompta.ch\/en\/","nextItem":{"@type":"ListItem","@id":"https:\/\/www.maccompta.ch\/en\/category\/updates-en-2\/#listItem","name":"updates"}},{"@type":"ListItem","@id":"https:\/\/www.maccompta.ch\/en\/category\/updates-en-2\/#listItem","position":2,"name":"updates","item":"https:\/\/www.maccompta.ch\/en\/category\/updates-en-2\/","nextItem":{"@type":"ListItem","@id":"https:\/\/www.maccompta.ch\/en\/2018-new-vat-rates\/#listItem","name":"2018 : new VAT rates"},"previousItem":{"@type":"ListItem","@id":"https:\/\/www.maccompta.ch\/en\/#listItem","name":"Accueil"}},{"@type":"ListItem","@id":"https:\/\/www.maccompta.ch\/en\/2018-new-vat-rates\/#listItem","position":3,"name":"2018 : new VAT rates","previousItem":{"@type":"ListItem","@id":"https:\/\/www.maccompta.ch\/en\/category\/updates-en-2\/#listItem","name":"updates"}}]},{"@type":"Organization","@id":"https:\/\/www.maccompta.ch\/en\/#organization","name":"Daily-Soft ltd","description":"Logiciel de comptabilit\u00e9 g\u00e9n\u00e9rale Suisse depuis 1984","url":"https:\/\/www.maccompta.ch\/en\/","email":"maccompta@daily-soft.ch","telephone":"+41213240074","logo":{"@type":"ImageObject","url":"https:\/\/www.maccompta.ch\/wp-content\/uploads\/2023\/09\/logo-maccompta-site-black.webp","@id":"https:\/\/www.maccompta.ch\/en\/2018-new-vat-rates\/#organizationLogo","width":250,"height":47},"image":{"@id":"https:\/\/www.maccompta.ch\/en\/2018-new-vat-rates\/#organizationLogo"},"address":{"@id":"https:\/\/www.maccompta.ch\/en\/#postaladdress","@type":"PostalAddress","streetAddress":"Route de la Conversion 271","postalCode":"1093","addressLocality":"La Conversion","addressCountry":"CH"},"vatID":"CHE-101.430.125"},{"@type":"Person","@id":"https:\/\/www.maccompta.ch\/en\/author\/admin\/#author","url":"https:\/\/www.maccompta.ch\/en\/author\/admin\/","name":"Daily-Soft ltd","image":{"@type":"ImageObject","@id":"https:\/\/www.maccompta.ch\/en\/2018-new-vat-rates\/#authorImage","url":"https:\/\/secure.gravatar.com\/avatar\/77c34f680f6c245869a100c5f11d8cd0e722e40e97e297e849962549ea806e97?s=96&d=mm&r=g","width":96,"height":96,"caption":"Daily-Soft ltd"}},{"@type":"WebPage","@id":"https:\/\/www.maccompta.ch\/en\/2018-new-vat-rates\/#webpage","url":"https:\/\/www.maccompta.ch\/en\/2018-new-vat-rates\/","name":"2018 : new VAT rates - MacCompta","description":"In 2018, VAT rates will change as of the 1st of January. If you are wondering if MacCompta is compatible or if it needs an update, the answer is no! It is easy, all you need is to make some changes in the accounting plan. For each account, you chosen a VAT rate, there is","inLanguage":"en-US","isPartOf":{"@id":"https:\/\/www.maccompta.ch\/en\/#website"},"breadcrumb":{"@id":"https:\/\/www.maccompta.ch\/en\/2018-new-vat-rates\/#breadcrumblist"},"author":{"@id":"https:\/\/www.maccompta.ch\/en\/author\/admin\/#author"},"creator":{"@id":"https:\/\/www.maccompta.ch\/en\/author\/admin\/#author"},"datePublished":"2017-12-08T09:41:02+01:00","dateModified":"2023-09-26T17:36:23+02:00"},{"@type":"WebSite","@id":"https:\/\/www.maccompta.ch\/en\/#website","url":"https:\/\/www.maccompta.ch\/en\/","name":"MacCompta","description":"Logiciel de comptabilit\u00e9 g\u00e9n\u00e9rale Suisse depuis 1984","inLanguage":"en-US","publisher":{"@id":"https:\/\/www.maccompta.ch\/en\/#organization"}}]},"og:locale":"en_US","og:site_name":"MacCompta - Logiciel de comptabilit\u00e9 g\u00e9n\u00e9rale Suisse depuis 1984","og:type":"article","og:title":"2018 : new VAT rates - MacCompta","og:description":"In 2018, VAT rates will change as of the 1st of January. If you are wondering if MacCompta is compatible or if it needs an update, the answer is no! It is easy, all you need is to make some changes in the accounting plan. For each account, you chosen a VAT rate, there is","og:url":"https:\/\/www.maccompta.ch\/en\/2018-new-vat-rates\/","og:image":"https:\/\/www.maccompta.ch\/wp-content\/uploads\/2023\/07\/maccompta-logoweb.webp","og:image:secure_url":"https:\/\/www.maccompta.ch\/wp-content\/uploads\/2023\/07\/maccompta-logoweb.webp","article:published_time":"2017-12-08T08:41:02+00:00","article:modified_time":"2023-09-26T15:36:23+00:00","twitter:card":"summary_large_image","twitter:title":"2018 : new VAT rates - MacCompta","twitter:description":"In 2018, VAT rates will change as of the 1st of January. If you are wondering if MacCompta is compatible or if it needs an update, the answer is no! It is easy, all you need is to make some changes in the accounting plan. For each account, you chosen a VAT rate, there is","twitter:image":"https:\/\/www.maccompta.ch\/wp-content\/uploads\/2023\/07\/maccompta-logoweb.webp"},"aioseo_meta_data":{"post_id":"1787","title":null,"description":null,"keywords":[],"keyphrases":{"focus":{"keyphrase":"","score":0,"analysis":{"keyphraseInTitle":{"score":0,"maxScore":9,"error":1}}},"additional":[]},"primary_term":null,"canonical_url":null,"og_title":null,"og_description":null,"og_object_type":"default","og_image_type":"default","og_image_url":null,"og_image_width":null,"og_image_height":null,"og_image_custom_url":null,"og_image_custom_fields":null,"og_video":"","og_custom_url":null,"og_article_section":null,"og_article_tags":[],"twitter_use_og":false,"twitter_card":"default","twitter_image_type":"default","twitter_image_url":null,"twitter_image_custom_url":null,"twitter_image_custom_fields":null,"twitter_title":null,"twitter_description":null,"schema":{"blockGraphs":[],"customGraphs":[],"default":{"data":{"Article":[],"Course":[],"Dataset":[],"FAQPage":[],"Movie":[],"Person":[],"Product":[],"ProductReview":[],"Car":[],"Recipe":[],"Service":[],"SoftwareApplication":[],"WebPage":[]},"graphName":"BlogPosting","isEnabled":true},"graphs":[]},"schema_type":"default","schema_type_options":null,"pillar_content":false,"robots_default":true,"robots_noindex":false,"robots_noarchive":false,"robots_nosnippet":false,"robots_nofollow":false,"robots_noimageindex":false,"robots_noodp":false,"robots_notranslate":false,"robots_max_snippet":"-1","robots_max_videopreview":"-1","robots_max_imagepreview":"large","priority":null,"frequency":"default","local_seo":null,"seo_analyzer_scan_date":"2026-05-21 12:27:51","breadcrumb_settings":null,"limit_modified_date":false,"open_ai":"{\"title\":{\"suggestions\":[],\"usage\":0},\"description\":{\"suggestions\":[],\"usage\":0}}","ai":null,"created":"2023-08-03 13:41:32","updated":"2026-05-21 12:27:51","focus_keyword":null,"additional_keywords":null,"truseo_locale":null},"aioseo_breadcrumb":"<div class=\"aioseo-breadcrumbs\"><span class=\"aioseo-breadcrumb\">\n\t<a href=\"https:\/\/www.maccompta.ch\/en\/\" title=\"Accueil\">Accueil<\/a>\n<\/span><span class=\"aioseo-breadcrumb-separator\">&raquo;<\/span><span class=\"aioseo-breadcrumb\">\n\t<a href=\"https:\/\/www.maccompta.ch\/en\/category\/updates-en-2\/\" title=\"updates\">updates<\/a>\n<\/span><span class=\"aioseo-breadcrumb-separator\">&raquo;<\/span><span class=\"aioseo-breadcrumb\">\n\t2018 : new VAT rates\n<\/span><\/div>","aioseo_breadcrumb_json":[{"label":"Accueil","link":"https:\/\/www.maccompta.ch\/en\/"},{"label":"updates","link":"https:\/\/www.maccompta.ch\/en\/category\/updates-en-2\/"},{"label":"2018 : new VAT rates","link":"https:\/\/www.maccompta.ch\/en\/2018-new-vat-rates\/"}],"_links":{"self":[{"href":"https:\/\/www.maccompta.ch\/en\/wp-json\/wp\/v2\/posts\/1787","targetHints":{"allow":["GET"]}}],"collection":[{"href":"https:\/\/www.maccompta.ch\/en\/wp-json\/wp\/v2\/posts"}],"about":[{"href":"https:\/\/www.maccompta.ch\/en\/wp-json\/wp\/v2\/types\/post"}],"author":[{"embeddable":true,"href":"https:\/\/www.maccompta.ch\/en\/wp-json\/wp\/v2\/users\/1"}],"replies":[{"embeddable":true,"href":"https:\/\/www.maccompta.ch\/en\/wp-json\/wp\/v2\/comments?post=1787"}],"version-history":[{"count":1,"href":"https:\/\/www.maccompta.ch\/en\/wp-json\/wp\/v2\/posts\/1787\/revisions"}],"predecessor-version":[{"id":2134,"href":"https:\/\/www.maccompta.ch\/en\/wp-json\/wp\/v2\/posts\/1787\/revisions\/2134"}],"wp:attachment":[{"href":"https:\/\/www.maccompta.ch\/en\/wp-json\/wp\/v2\/media?parent=1787"}],"wp:term":[{"taxonomy":"category","embeddable":true,"href":"https:\/\/www.maccompta.ch\/en\/wp-json\/wp\/v2\/categories?post=1787"},{"taxonomy":"post_tag","embeddable":true,"href":"https:\/\/www.maccompta.ch\/en\/wp-json\/wp\/v2\/tags?post=1787"}],"curies":[{"name":"wp","href":"https:\/\/api.w.org\/{rel}","templated":true}]}}